{"id":129,"date":"2025-08-25T17:11:39","date_gmt":"2025-08-25T17:11:39","guid":{"rendered":"https:\/\/viagebem.com.br\/blog\/?p=129"},"modified":"2025-08-25T17:11:39","modified_gmt":"2025-08-25T17:11:39","slug":"viagem-de-rio-das-ostras-ao-rio-de-janeiro-de-carro-por-que-escolher-essa-opcao","status":"publish","type":"post","link":"https:\/\/viagebem.com.br\/blog\/viagem-de-rio-das-ostras-ao-rio-de-janeiro-de-carro-por-que-escolher-essa-opcao\/","title":{"rendered":"Viagem de Rio das Ostras ao Rio de Janeiro de carro: por que escolher essa op\u00e7\u00e3o?"},"content":{"rendered":"<p data-start=\"208\" data-end=\"293\">Viajar de <strong data-start=\"305\" data-end=\"350\">Rio das Ostras ao Rio de Janeiro de carro<\/strong> \u00e9 uma das alternativas mais r\u00e1pidas e confort\u00e1veis para quem precisa se deslocar entre a Regi\u00e3o dos Lagos e a capital fluminense. Apesar da disponibilidade de linhas de \u00f4nibus, o carro oferece <strong data-start=\"544\" data-end=\"587\">liberdade, praticidade e maior conforto<\/strong> \u2013 fatores decisivos para quem quer uma experi\u00eancia mais tranquila.<\/p>\n<hr data-start=\"658\" data-end=\"661\" \/>\n<h2 data-start=\"663\" data-end=\"723\">Qual a dist\u00e2ncia entre Rio das Ostras e Rio de Janeiro?<\/h2>\n<p data-start=\"725\" data-end=\"899\">A dist\u00e2ncia entre <strong data-start=\"743\" data-end=\"778\">Rio das Ostras e Rio de Janeiro<\/strong> \u00e9 de cerca de <strong data-start=\"793\" data-end=\"803\">170 km<\/strong>, com tempo m\u00e9dio de viagem entre <strong data-start=\"837\" data-end=\"852\">2h30 e 3h30<\/strong>, dependendo do tr\u00e2nsito e da rota escolhida.<\/p>\n<p data-start=\"901\" data-end=\"941\">As principais rodovias do trajeto s\u00e3o:<\/p>\n<ul data-start=\"942\" data-end=\"1173\">\n<li data-start=\"942\" data-end=\"1005\">\n<p data-start=\"944\" data-end=\"1005\"><strong data-start=\"944\" data-end=\"966\">RJ-124 (Via Lagos)<\/strong> \u2192 ped\u00e1gio, mas mais r\u00e1pida e segura.<\/p>\n<\/li>\n<li data-start=\"1006\" data-end=\"1081\">\n<p data-start=\"1008\" data-end=\"1081\"><strong data-start=\"1008\" data-end=\"1044\">BR-101 (Rodovia Niter\u00f3i-Manilha)<\/strong> \u2192 liga\u00e7\u00e3o at\u00e9 a Ponte Rio-Niter\u00f3i.<\/p>\n<\/li>\n<li data-start=\"1082\" data-end=\"1173\">\n<p data-start=\"1084\" data-end=\"1173\"><strong data-start=\"1084\" data-end=\"1121\">BR-116 (Rodovia Presidente Dutra)<\/strong> \u2192 alternativa para chegar \u00e0 Zona Norte e Baixada.<\/p>\n<\/li>\n<\/ul>\n<hr data-start=\"1175\" data-end=\"1178\" \/>\n<h2 data-start=\"1180\" data-end=\"1230\">Vantagens de viajar de carro em vez de \u00f4nibus<\/h2>\n<h3 data-start=\"1232\" data-end=\"1259\">1. Rapidez no trajeto<\/h3>\n<p data-start=\"1260\" data-end=\"1436\">De carro, a viagem pode ser feita em <strong data-start=\"1297\" data-end=\"1317\">menos de 3 horas<\/strong>, dependendo do hor\u00e1rio. De \u00f4nibus, o tempo costuma ser maior, pois h\u00e1 paradas em outras cidades ao longo do caminho.<\/p>\n<h3 data-start=\"1438\" data-end=\"1469\">2. Conforto e privacidade<\/h3>\n<p data-start=\"1470\" data-end=\"1610\">No carro, voc\u00ea viaja no seu ritmo, com ar-condicionado ajustado como preferir, sem precisar dividir assento ou enfrentar ve\u00edculos lotados.<\/p>\n<h3 data-start=\"1612\" data-end=\"1646\">3. Flexibilidade de hor\u00e1rios<\/h3>\n<p data-start=\"1647\" data-end=\"1832\">De \u00f4nibus, \u00e9 preciso se adaptar aos hor\u00e1rios de sa\u00edda da rodovi\u00e1ria. De carro, voc\u00ea sai quando quiser \u2013 seja de manh\u00e3 cedo para evitar o tr\u00e2nsito, seja \u00e0 noite para chegar descansado.<\/p>\n<h3 data-start=\"1834\" data-end=\"1860\">4. Economia em grupo<\/h3>\n<p data-start=\"1861\" data-end=\"2029\">Se a viagem for em fam\u00edlia ou com amigos, o custo do carro pode ser <strong data-start=\"1929\" data-end=\"1972\">menor do que v\u00e1rias passagens de \u00f4nibus<\/strong>. Al\u00e9m disso, h\u00e1 espa\u00e7o para bagagens sem taxas extras.<\/p>\n<h3 data-start=\"2031\" data-end=\"2060\">5. Paradas estrat\u00e9gicas<\/h3>\n<p data-start=\"2061\" data-end=\"2161\">No carro, \u00e9 poss\u00edvel parar para abastecer, lanchar ou descansar. De \u00f4nibus, n\u00e3o h\u00e1 essa liberdade.<\/p>\n<hr data-start=\"2163\" data-end=\"2166\" \/>\n<h2 data-start=\"2168\" data-end=\"2243\">Alternativa pr\u00e1tica: viagens privadas e compartilhadas com o Viage Bem<\/h2>\n<p data-start=\"2245\" data-end=\"2460\">N\u00e3o tem carro ou prefere n\u00e3o dirigir? O <strong data-start=\"2285\" data-end=\"2309\">aplicativo Viage Bem<\/strong> conecta motoristas e passageiros em viagens <strong data-start=\"2354\" data-end=\"2366\">privadas<\/strong> ou <strong data-start=\"2370\" data-end=\"2388\">compartilhadas<\/strong>, oferecendo todos os benef\u00edcios do carro sem as limita\u00e7\u00f5es do \u00f4nibus.<\/p>\n<ul data-start=\"2462\" data-end=\"2613\">\n<li data-start=\"2462\" data-end=\"2527\">\n<p data-start=\"2464\" data-end=\"2527\"><strong data-start=\"2464\" data-end=\"2484\">Viagens privadas<\/strong>: exclusividade e conforto porta a porta.<\/p>\n<\/li>\n<li data-start=\"2528\" data-end=\"2613\">\n<p data-start=\"2530\" data-end=\"2613\"><strong data-start=\"2530\" data-end=\"2556\">Viagens compartilhadas<\/strong>: economia ao dividir os custos com outros passageiros.<\/p>\n<\/li>\n<\/ul>\n<p data-start=\"2615\" data-end=\"2720\">Uma op\u00e7\u00e3o segura, acess\u00edvel e pr\u00e1tica para quem precisa viajar de <strong data-start=\"2681\" data-end=\"2717\">Rio das Ostras ao Rio de Janeiro<\/strong>.<\/p>\n<hr data-start=\"2722\" data-end=\"2725\" \/>\n<h2 data-start=\"2727\" data-end=\"2741\">Conclus\u00e3o<\/h2>\n<p data-start=\"2743\" data-end=\"2963\">A viagem de <strong data-start=\"2755\" data-end=\"2800\">Rio das Ostras ao Rio de Janeiro de carro<\/strong> \u00e9 a melhor alternativa para quem busca <strong data-start=\"2840\" data-end=\"2873\">liberdade, rapidez e conforto<\/strong>. Diferente do \u00f4nibus, voc\u00ea controla o tempo, evita atrasos e viaja com mais comodidade.<\/p>\n<p data-start=\"2965\" data-end=\"3128\">\ud83d\udc49 Baixe agora o <strong data-start=\"2982\" data-end=\"3006\">aplicativo Viage Bem<\/strong> e encontre motoristas de confian\u00e7a para viagens privadas ou compartilhadas entre <strong data-start=\"3088\" data-end=\"3125\">Rio das Ostras e o Rio de Janeiro<\/strong>.<\/p>\n<hr data-start=\"3130\" data-end=\"3133\" \/>\n","protected":false},"excerpt":{"rendered":"<p>Viajar de Rio das Ostras ao Rio de Janeiro de carro \u00e9 uma das alternativas mais r\u00e1pidas e confort\u00e1veis para [&hellip;]<\/p>\n","protected":false},"author":1,"featured_media":118,"comment_status":"open","ping_status":"open","sticky":false,"template":"","format":"standard","meta":{"pagelayer_contact_templates":[],"_pagelayer_content":"","site-sidebar-layout":"default","site-content-layout":"","ast-site-content-layout":"default","site-content-style":"default","site-sidebar-style":"default","ast-global-header-display":"","ast-banner-title-visibility":"","ast-main-header-display":"","ast-hfb-above-header-display":"","ast-hfb-below-header-display":"","ast-hfb-mobile-header-display":"","site-post-title":"","ast-breadcrumbs-content":"","ast-featured-img":"","footer-sml-layout":"","theme-transparent-header-meta":"default","adv-header-id-meta":"","stick-header-meta":"","header-above-stick-meta":"","header-main-stick-meta":"","header-below-stick-meta":"","astra-migrate-meta-layouts":"set","ast-page-background-enabled":"default","ast-page-background-meta":{"desktop":{"background-color":"var(--ast-global-color-5)","background-image":"","background-repeat":"repeat","background-position":"center center","background-size":"auto","background-attachment":"scroll","background-type":"","background-media":"","overlay-type":"","overlay-color":"","overlay-opacity":"","overlay-gradient":""},"tablet":{"background-color":"","background-image":"","background-repeat":"repeat","background-position":"center center","background-size":"auto","background-attachment":"scroll","background-type":"","background-media":"","overlay-type":"","overlay-color":"","overlay-opacity":"","overlay-gradient":""},"mobile":{"background-color":"","background-image":"","background-repeat":"repeat","background-position":"center center","background-size":"auto","background-attachment":"scroll","background-type":"","background-media":"","overlay-type":"","overlay-color":"","overlay-opacity":"","overlay-gradient":""}},"ast-content-background-meta":{"desktop":{"background-color":"var(--ast-global-color-4)","background-image":"","background-repeat":"repeat","background-position":"center center","background-size":"auto","background-attachment":"scroll","background-type":"","background-media":"","overlay-type":"","overlay-color":"","overlay-opacity":"","overlay-gradient":""},"tablet":{"background-color":"var(--ast-global-color-4)","background-image":"","background-repeat":"repeat","background-position":"center center","background-size":"auto","background-attachment":"scroll","background-type":"","background-media":"","overlay-type":"","overlay-color":"","overlay-opacity":"","overlay-gradient":""},"mobile":{"background-color":"var(--ast-global-color-4)","background-image":"","background-repeat":"repeat","background-position":"center center","background-size":"auto","background-attachment":"scroll","background-type":"","background-media":"","overlay-type":"","overlay-color":"","overlay-opacity":"","overlay-gradient":""}},"footnotes":""},"categories":[8],"tags":[],"class_list":["post-129","post","type-post","status-publish","format-standard","has-post-thumbnail","hentry","category-destinos"],"_links":{"self":[{"href":"https:\/\/viagebem.com.br\/blog\/wp-json\/wp\/v2\/posts\/129","targetHints":{"allow":["GET"]}}],"collection":[{"href":"https:\/\/viagebem.com.br\/blog\/wp-json\/wp\/v2\/posts"}],"about":[{"href":"https:\/\/viagebem.com.br\/blog\/wp-json\/wp\/v2\/types\/post"}],"author":[{"embeddable":true,"href":"https:\/\/viagebem.com.br\/blog\/wp-json\/wp\/v2\/users\/1"}],"replies":[{"embeddable":true,"href":"https:\/\/viagebem.com.br\/blog\/wp-json\/wp\/v2\/comments?post=129"}],"version-history":[{"count":1,"href":"https:\/\/viagebem.com.br\/blog\/wp-json\/wp\/v2\/posts\/129\/revisions"}],"predecessor-version":[{"id":132,"href":"https:\/\/viagebem.com.br\/blog\/wp-json\/wp\/v2\/posts\/129\/revisions\/132"}],"wp:featuredmedia":[{"embeddable":true,"href":"https:\/\/viagebem.com.br\/blog\/wp-json\/wp\/v2\/media\/118"}],"wp:attachment":[{"href":"https:\/\/viagebem.com.br\/blog\/wp-json\/wp\/v2\/media?parent=129"}],"wp:term":[{"taxonomy":"category","embeddable":true,"href":"https:\/\/viagebem.com.br\/blog\/wp-json\/wp\/v2\/categories?post=129"},{"taxonomy":"post_tag","embeddable":true,"href":"https:\/\/viagebem.com.br\/blog\/wp-json\/wp\/v2\/tags?post=129"}],"curies":[{"name":"wp","href":"https:\/\/api.w.org\/{rel}","templated":true}]}}