{"id":125,"date":"2025-08-25T05:18:44","date_gmt":"2025-08-25T05:18:44","guid":{"rendered":"https:\/\/viagebem.com.br\/blog\/?p=125"},"modified":"2025-08-25T17:09:25","modified_gmt":"2025-08-25T17:09:25","slug":"viagem-de-arraial-do-cabo-ao-rio-de-janeiro-de-carro-guia-completo","status":"publish","type":"post","link":"https:\/\/viagebem.com.br\/blog\/viagem-de-arraial-do-cabo-ao-rio-de-janeiro-de-carro-guia-completo\/","title":{"rendered":"Viagem de Arraial do Cabo ao Rio de Janeiro de carro: guia completo"},"content":{"rendered":"<p data-start=\"297\" data-end=\"631\">Fazer a viagem de <strong data-start=\"315\" data-end=\"361\">Arraial do Cabo ao Rio de Janeiro de carro<\/strong> \u00e9 uma escolha pr\u00e1tica para quem busca <strong data-start=\"400\" data-end=\"439\">autonomia, conforto e flexibilidade<\/strong>. O trajeto conecta a \u201cCapital do Mergulho\u201d da Regi\u00e3o dos Lagos \u00e0 capital fluminense, sendo muito utilizado por turistas, fam\u00edlias e moradores locais que precisam se deslocar com frequ\u00eancia.<\/p>\n<hr data-start=\"633\" data-end=\"636\" \/>\n<h2 data-start=\"638\" data-end=\"699\">Qual a dist\u00e2ncia entre Arraial do Cabo e Rio de Janeiro?<\/h2>\n<p data-start=\"701\" data-end=\"891\">A dist\u00e2ncia entre <strong data-start=\"719\" data-end=\"755\">Arraial do Cabo e Rio de Janeiro<\/strong> \u00e9 de aproximadamente <strong data-start=\"777\" data-end=\"787\">165 km<\/strong>, com tempo m\u00e9dio de viagem entre <strong data-start=\"821\" data-end=\"836\">2h30 e 3h30<\/strong>, variando conforme o tr\u00e2nsito e o caminho escolhido.<\/p>\n<hr data-start=\"893\" data-end=\"896\" \/>\n<h2 data-start=\"898\" data-end=\"957\">Principais rotas para viajar de Arraial do Cabo ao Rio<\/h2>\n<ol data-start=\"959\" data-end=\"1230\">\n<li data-start=\"959\" data-end=\"1038\">\n<p data-start=\"962\" data-end=\"1038\"><strong data-start=\"962\" data-end=\"993\">Via Lagos (RJ-124) + BR-101<\/strong> \u2013 op\u00e7\u00e3o mais r\u00e1pida e segura, com ped\u00e1gio.<\/p>\n<\/li>\n<li data-start=\"1039\" data-end=\"1149\">\n<p data-start=\"1042\" data-end=\"1149\"><strong data-start=\"1042\" data-end=\"1077\">RJ-106 (Rodovia Amaral Peixoto)<\/strong> \u2013 caminho mais longo, passando por cidades como Maric\u00e1 e S\u00e3o Gon\u00e7alo.<\/p>\n<\/li>\n<li data-start=\"1150\" data-end=\"1230\">\n<p data-start=\"1153\" data-end=\"1230\"><strong data-start=\"1153\" data-end=\"1183\">BR-101 + Ponte Rio-Niter\u00f3i<\/strong> \u2013 acesso direto ao centro do Rio de Janeiro.<\/p>\n<\/li>\n<\/ol>\n<hr data-start=\"1232\" data-end=\"1235\" \/>\n<h2 data-start=\"1237\" data-end=\"1270\">Vantagens de viajar de carro<\/h2>\n<ul data-start=\"1272\" data-end=\"1540\">\n<li data-start=\"1272\" data-end=\"1329\">\n<p data-start=\"1274\" data-end=\"1329\"><strong data-start=\"1274\" data-end=\"1291\">Flexibilidade<\/strong>: escolha o melhor hor\u00e1rio de sa\u00edda.<\/p>\n<\/li>\n<li data-start=\"1330\" data-end=\"1385\">\n<p data-start=\"1332\" data-end=\"1385\"><strong data-start=\"1332\" data-end=\"1344\">Conforto<\/strong>: ideal para fam\u00edlias, grupos e casais.<\/p>\n<\/li>\n<li data-start=\"1386\" data-end=\"1450\">\n<p data-start=\"1388\" data-end=\"1450\"><strong data-start=\"1388\" data-end=\"1403\">Praticidade<\/strong>: sem depender de hor\u00e1rios de \u00f4nibus ou vans.<\/p>\n<\/li>\n<li data-start=\"1451\" data-end=\"1540\">\n<p data-start=\"1453\" data-end=\"1540\"><strong data-start=\"1453\" data-end=\"1466\">Paisagens<\/strong>: contemple o litoral fluminense e a Regi\u00e3o dos Lagos durante o trajeto.<\/p>\n<\/li>\n<\/ul>\n<hr data-start=\"1542\" data-end=\"1545\" \/>\n<h2 data-start=\"1547\" data-end=\"1580\">Dicas para uma viagem segura<\/h2>\n<p data-start=\"1582\" data-end=\"1847\">\u2714\ufe0f Revise o carro antes de sair (combust\u00edvel, pneus e documenta\u00e7\u00e3o).<br data-start=\"1650\" data-end=\"1653\" \/>\u2714\ufe0f Programe-se para evitar congestionamentos na chegada ao Rio.<br data-start=\"1716\" data-end=\"1719\" \/>\u2714\ufe0f Tenha dinheiro ou cart\u00e3o para ped\u00e1gios, principalmente na Via Lagos.<br data-start=\"1790\" data-end=\"1793\" \/>\u2714\ufe0f Fa\u00e7a pequenas paradas estrat\u00e9gicas para descanso.<\/p>\n<hr data-start=\"1849\" data-end=\"1852\" \/>\n<h2 data-start=\"1854\" data-end=\"1920\">Alternativas de transporte: viagens privadas e compartilhadas<\/h2>\n<p data-start=\"1922\" data-end=\"2076\">Quem prefere n\u00e3o dirigir pode contar com servi\u00e7os de transporte por aplicativo, como o <strong data-start=\"2009\" data-end=\"2022\">Viage Bem<\/strong>, que oferece viagens <strong data-start=\"2044\" data-end=\"2073\">privadas e compartilhadas<\/strong>:<\/p>\n<ul data-start=\"2078\" data-end=\"2229\">\n<li data-start=\"2078\" data-end=\"2135\">\n<p data-start=\"2080\" data-end=\"2135\"><strong data-start=\"2080\" data-end=\"2092\">Privadas<\/strong> \u2192 exclusividade, conforto e praticidade.<\/p>\n<\/li>\n<li data-start=\"2136\" data-end=\"2229\">\n<p data-start=\"2138\" data-end=\"2229\"><strong data-start=\"2138\" data-end=\"2156\">Compartilhadas<\/strong> \u2192 economia ao dividir o valor com outros passageiros no mesmo trajeto.<\/p>\n<\/li>\n<\/ul>\n<p data-start=\"2231\" data-end=\"2342\">\u00c9 a solu\u00e7\u00e3o ideal para quem busca <strong data-start=\"2265\" data-end=\"2309\">seguran\u00e7a, praticidade e pre\u00e7o acess\u00edvel<\/strong> em viagens de m\u00e9dia dist\u00e2ncia.<\/p>\n<hr data-start=\"2344\" data-end=\"2347\" \/>\n<h2 data-start=\"2349\" data-end=\"2363\">Conclus\u00e3o<\/h2>\n<p data-start=\"2365\" data-end=\"2635\">A viagem de <strong data-start=\"2377\" data-end=\"2423\">Arraial do Cabo ao Rio de Janeiro de carro<\/strong> \u00e9 uma \u00f3tima alternativa para quem valoriza <strong data-start=\"2467\" data-end=\"2492\">autonomia e liberdade<\/strong>. Seja dirigindo por conta pr\u00f3pria ou contratando um motorista parceiro no aplicativo, o trajeto pode ser tranquilo, econ\u00f4mico e confort\u00e1vel.<\/p>\n<p data-start=\"2637\" data-end=\"2768\">\ud83d\udc49 Baixe agora o <strong data-start=\"2654\" data-end=\"2678\">aplicativo Viage Bem<\/strong> e fa\u00e7a sua viagem de forma segura, seja em corridas <strong data-start=\"2731\" data-end=\"2743\">privadas<\/strong> ou <strong data-start=\"2747\" data-end=\"2765\">compartilhadas<\/strong>.<\/p>\n","protected":false},"excerpt":{"rendered":"<p>Fazer a viagem de Arraial do Cabo ao Rio de Janeiro de carro \u00e9 uma escolha pr\u00e1tica para quem busca [&hellip;]<\/p>\n","protected":false},"author":1,"featured_media":117,"comment_status":"open","ping_status":"open","sticky":false,"template":"","format":"standard","meta":{"pagelayer_contact_templates":[],"_pagelayer_content":"","site-sidebar-layout":"default","site-content-layout":"","ast-site-content-layout":"default","site-content-style":"default","site-sidebar-style":"default","ast-global-header-display":"","ast-banner-title-visibility":"","ast-main-header-display":"","ast-hfb-above-header-display":"","ast-hfb-below-header-display":"","ast-hfb-mobile-header-display":"","site-post-title":"","ast-breadcrumbs-content":"","ast-featured-img":"","footer-sml-layout":"","theme-transparent-header-meta":"default","adv-header-id-meta":"","stick-header-meta":"","header-above-stick-meta":"","header-main-stick-meta":"","header-below-stick-meta":"","astra-migrate-meta-layouts":"set","ast-page-background-enabled":"default","ast-page-background-meta":{"desktop":{"background-color":"var(--ast-global-color-5)","background-image":"","background-repeat":"repeat","background-position":"center center","background-size":"auto","background-attachment":"scroll","background-type":"","background-media":"","overlay-type":"","overlay-color":"","overlay-opacity":"","overlay-gradient":""},"tablet":{"background-color":"","background-image":"","background-repeat":"repeat","background-position":"center center","background-size":"auto","background-attachment":"scroll","background-type":"","background-media":"","overlay-type":"","overlay-color":"","overlay-opacity":"","overlay-gradient":""},"mobile":{"background-color":"","background-image":"","background-repeat":"repeat","background-position":"center center","background-size":"auto","background-attachment":"scroll","background-type":"","background-media":"","overlay-type":"","overlay-color":"","overlay-opacity":"","overlay-gradient":""}},"ast-content-background-meta":{"desktop":{"background-color":"var(--ast-global-color-4)","background-image":"","background-repeat":"repeat","background-position":"center center","background-size":"auto","background-attachment":"scroll","background-type":"","background-media":"","overlay-type":"","overlay-color":"","overlay-opacity":"","overlay-gradient":""},"tablet":{"background-color":"var(--ast-global-color-4)","background-image":"","background-repeat":"repeat","background-position":"center center","background-size":"auto","background-attachment":"scroll","background-type":"","background-media":"","overlay-type":"","overlay-color":"","overlay-opacity":"","overlay-gradient":""},"mobile":{"background-color":"var(--ast-global-color-4)","background-image":"","background-repeat":"repeat","background-position":"center center","background-size":"auto","background-attachment":"scroll","background-type":"","background-media":"","overlay-type":"","overlay-color":"","overlay-opacity":"","overlay-gradient":""}},"footnotes":""},"categories":[8],"tags":[],"class_list":["post-125","post","type-post","status-publish","format-standard","has-post-thumbnail","hentry","category-destinos"],"_links":{"self":[{"href":"https:\/\/viagebem.com.br\/blog\/wp-json\/wp\/v2\/posts\/125","targetHints":{"allow":["GET"]}}],"collection":[{"href":"https:\/\/viagebem.com.br\/blog\/wp-json\/wp\/v2\/posts"}],"about":[{"href":"https:\/\/viagebem.com.br\/blog\/wp-json\/wp\/v2\/types\/post"}],"author":[{"embeddable":true,"href":"https:\/\/viagebem.com.br\/blog\/wp-json\/wp\/v2\/users\/1"}],"replies":[{"embeddable":true,"href":"https:\/\/viagebem.com.br\/blog\/wp-json\/wp\/v2\/comments?post=125"}],"version-history":[{"count":1,"href":"https:\/\/viagebem.com.br\/blog\/wp-json\/wp\/v2\/posts\/125\/revisions"}],"predecessor-version":[{"id":128,"href":"https:\/\/viagebem.com.br\/blog\/wp-json\/wp\/v2\/posts\/125\/revisions\/128"}],"wp:featuredmedia":[{"embeddable":true,"href":"https:\/\/viagebem.com.br\/blog\/wp-json\/wp\/v2\/media\/117"}],"wp:attachment":[{"href":"https:\/\/viagebem.com.br\/blog\/wp-json\/wp\/v2\/media?parent=125"}],"wp:term":[{"taxonomy":"category","embeddable":true,"href":"https:\/\/viagebem.com.br\/blog\/wp-json\/wp\/v2\/categories?post=125"},{"taxonomy":"post_tag","embeddable":true,"href":"https:\/\/viagebem.com.br\/blog\/wp-json\/wp\/v2\/tags?post=125"}],"curies":[{"name":"wp","href":"https:\/\/api.w.org\/{rel}","templated":true}]}}